{"id":25083,"date":"2022-09-01T08:18:57","date_gmt":"2022-09-01T12:18:57","guid":{"rendered":"https:\/\/www.frigotechoutaouais.com\/?p=25083"},"modified":"2022-09-01T09:21:34","modified_gmt":"2022-09-01T13:21:34","slug":"limportance-de-la-qualite-de-lair-dans-les-ecoles-post-covid","status":"publish","type":"post","link":"https:\/\/www.frigotechoutaouais.com\/fr\/limportance-de-la-qualite-de-lair-dans-les-ecoles-post-covid\/","title":{"rendered":"L&rsquo;importance de la qualit\u00e9 de l&rsquo;air dans les \u00e9coles post Covid"},"content":{"rendered":"<p>Les \u00e9l\u00e8ves passent de longues heures dans les salles de classe tout comme les enseignants et le personnel scolaire. La qualit\u00e9 de l\u2019air dans les classes est donc tr\u00e8s importante et une vigilance \u00e9lev\u00e9e\u00a0 est appliqu\u00e9e en la mati\u00e8re surtout suite \u00e0 la pand\u00e9mie de Covid-19. Plusieurs mesures sont mises en \u0153uvre dans les \u00e9tablissements pour s\u2019assurer que les \u00e9l\u00e8ves et le personnel respirent l\u2019air le plus sain possible. La qualit\u00e9 de l\u2019air dans les \u00e9tablissements scolaires est cruciale pour que soit offert en tout temps le meilleur des environnements d\u2019apprentissage et de travail aux \u00e9l\u00e8ves et aux personnels scolaires. L\u2019article suivant vous informera sur les raisons pour lesquels le maintien d\u2019une bonne qualit\u00e9 de l\u2019air dans les \u00e9coles est si important.<\/p>\n<p><strong>Des mesures pour am\u00e9liorer la qualit\u00e9 de l\u2019air<\/strong><\/p>\n<p>Depuis la pand\u00e9mie, le gouvernement du Qu\u00e9bec a mis en place une s\u00e9rie de mesures pour contr\u00f4ler et am\u00e9liorer la qualit\u00e9 de l\u2019air dans les \u00e9coles. Par exemple, il est recommand\u00e9 aux \u00e9tablissements scolaires de se doter de lecteurs de param\u00e8tres de confort permettant de mesurer la concentration de dioxyde de carbone (CO2), le taux d\u2019humidit\u00e9 relative et la temp\u00e9rature pour assurer une qualit\u00e9 de l\u2019air optimale dans tous les locaux d\u2019apprentissage. Il est \u00e9galement pr\u00e9vu de faire la distribution et l\u2019installation d\u2019\u00e9changeur d\u2019air et de poursuivre le programme de correctifs requis pour r\u00e9pondre aux situations probl\u00e9matiques et d\u2019ajustements \u00e0 la ventilation m\u00e9canique comme l\u2019optimisation de l\u2019apport d\u2019air frais, le changement des filtres et l\u2019emploi de filtres plus performants, l\u2019entretien des syst\u00e8mes de ventilation, etc.<\/p>\n<p><strong>L\u2019entretien des syst\u00e8mes<\/strong><\/p>\n<p>Lorsqu\u2019il s\u2019agit de qualit\u00e9 de l\u2019air, il faut penser au nettoyage du r\u00e9seau de conduits de chauffage et de climatisation. Bien qu\u2019ils soient hors de la vue puisque ces derniers se trouvent habituellement \u00e0 l\u2019int\u00e9rieur des plafonds ou en dessous des planchers, le nettoyage des conduits est primordial. En effet, les conduits de chauffage et de climatisation constituent un terreau id\u00e9al pour les microbes et les bact\u00e9ries.\u00a0Les champignons et les bact\u00e9ries que l\u2019on retrouve dans les syst\u00e8mes de conduits d\u2019air sont directement responsables des sympt\u00f4mes allergiques des personnes sensibles. L\u2019entretien fr\u00e9quent des \u00e9quipements de ventilation et des fen\u00eatres est donc un \u00e9l\u00e9ment important pour s\u2019assurer d\u2019une qualit\u00e9 d\u2019air ad\u00e9quate dans les \u00e9tablissements scolaires.<\/p>\n<p>Tel que vu pr\u00e9c\u00e9demment, les cons\u00e9quences d\u2019un syst\u00e8me mal entretenu peuvent avoir des r\u00e9percussions sur la sant\u00e9 comme des maux de t\u00eate, de la fatigue, et une irritation du syst\u00e8me respiratoire. La qualit\u00e9 de l\u2019air \u00e0 l\u2019int\u00e9rieur des b\u00e2timents est capitale aussi pour assurer aux \u00e9l\u00e8ves et aux personnels, le meilleur environnement d\u2019\u00e9tude et de travail possible. La pand\u00e9mie de COVID-19 a rappel\u00e9 l\u2019importance d\u2019assurer une bonne qualit\u00e9 de l\u2019air int\u00e9rieur, notamment dans les \u00e9coles, et de veiller au maintien de milieux s\u00e9curitaires pour tous les occupants.\u202fVoici donc pourquoi il faut demeurer vigilant et \u00eatre proactif en mati\u00e8re d\u2019entretien et de gestion de la qualit\u00e9 de l\u2019air dans les \u00e9coles.<\/p>\n","protected":false},"excerpt":{"rendered":"<p>Les \u00e9l\u00e8ves passent de longues heures dans les salles de classe tout comme les enseignants et le personnel scolaire. La qualit\u00e9 de l\u2019air dans les classes est donc tr\u00e8s importante et une vigilance \u00e9lev\u00e9e\u00a0 est appliqu\u00e9e en la mati\u00e8re surtout suite \u00e0 la pand\u00e9mie de Covid-19. Plusieurs mesures sont mises en \u0153uvre dans les \u00e9tablissements [&hellip;]<\/p>\n","protected":false},"author":1,"featured_media":25084,"comment_status":"closed","ping_status":"open","sticky":false,"template":"","format":"standard","meta":{"footnotes":""},"categories":[1],"tags":[],"class_list":["post-25083","post","type-post","status-publish","format-standard","has-post-thumbnail","hentry","category-non-classifiee"],"_links":{"self":[{"href":"https:\/\/www.frigotechoutaouais.com\/fr\/wp-json\/wp\/v2\/posts\/25083","targetHints":{"allow":["GET"]}}],"collection":[{"href":"https:\/\/www.frigotechoutaouais.com\/fr\/wp-json\/wp\/v2\/posts"}],"about":[{"href":"https:\/\/www.frigotechoutaouais.com\/fr\/wp-json\/wp\/v2\/types\/post"}],"author":[{"embeddable":true,"href":"https:\/\/www.frigotechoutaouais.com\/fr\/wp-json\/wp\/v2\/users\/1"}],"replies":[{"embeddable":true,"href":"https:\/\/www.frigotechoutaouais.com\/fr\/wp-json\/wp\/v2\/comments?post=25083"}],"version-history":[{"count":1,"href":"https:\/\/www.frigotechoutaouais.com\/fr\/wp-json\/wp\/v2\/posts\/25083\/revisions"}],"predecessor-version":[{"id":25086,"href":"https:\/\/www.frigotechoutaouais.com\/fr\/wp-json\/wp\/v2\/posts\/25083\/revisions\/25086"}],"wp:featuredmedia":[{"embeddable":true,"href":"https:\/\/www.frigotechoutaouais.com\/fr\/wp-json\/wp\/v2\/media\/25084"}],"wp:attachment":[{"href":"https:\/\/www.frigotechoutaouais.com\/fr\/wp-json\/wp\/v2\/media?parent=25083"}],"wp:term":[{"taxonomy":"category","embeddable":true,"href":"https:\/\/www.frigotechoutaouais.com\/fr\/wp-json\/wp\/v2\/categories?post=25083"},{"taxonomy":"post_tag","embeddable":true,"href":"https:\/\/www.frigotechoutaouais.com\/fr\/wp-json\/wp\/v2\/tags?post=25083"}],"curies":[{"name":"wp","href":"https:\/\/api.w.org\/{rel}","templated":true}]}}