{"id":25503,"date":"2026-03-11T10:46:11","date_gmt":"2026-03-11T14:46:11","guid":{"rendered":"https:\/\/www.frigotechoutaouais.com\/?p=25503"},"modified":"2026-03-11T10:46:11","modified_gmt":"2026-03-11T14:46:11","slug":"changement-de-saison-preparer-vos-equipements-de-refrigeration-pour-le-printemps","status":"publish","type":"post","link":"https:\/\/www.frigotechoutaouais.com\/fr\/changement-de-saison-preparer-vos-equipements-de-refrigeration-pour-le-printemps\/","title":{"rendered":"Changement de saison : pr\u00e9parer vos \u00e9quipements de r\u00e9frig\u00e9ration pour le printemps"},"content":{"rendered":"<p><span style=\"font-weight: 400;\">Mars marque une transition importante pour les commerces alimentaires. M\u00eame si les temp\u00e9ratures ext\u00e9rieures restent fra\u00eeches, l\u2019humidit\u00e9 augmente, les cycles de gel-d\u00e9gel se multiplient et les habitudes op\u00e9rationnelles changent progressivement. Cette p\u00e9riode est id\u00e9ale pour faire une v\u00e9rification strat\u00e9gique de vos \u00e9quipements de r\u00e9frig\u00e9ration avant l\u2019arriv\u00e9e des journ\u00e9es plus chaudes.<\/span><\/p>\n<p><span style=\"font-weight: 400;\">Voici les \u00e9l\u00e9ments \u00e0 inspecter d\u00e8s maintenant pour assurer performance, stabilit\u00e9 et efficacit\u00e9 \u00e9nerg\u00e9tique.<\/span><\/p>\n<h3><b>1) V\u00e9rifier les joints d\u2019\u00e9tanch\u00e9it\u00e9<\/b><\/h3>\n<p><span style=\"font-weight: 400;\">Les joints de porte peuvent se contracter durant l\u2019hiver. En mars, inspectez :<\/span><\/p>\n<ul>\n<li style=\"font-weight: 400;\" aria-level=\"1\"><span style=\"font-weight: 400;\">fissures,<\/span><\/li>\n<li style=\"font-weight: 400;\" aria-level=\"1\"><span style=\"font-weight: 400;\">zones moins souples,<\/span><\/li>\n<li style=\"font-weight: 400;\" aria-level=\"1\"><span style=\"font-weight: 400;\">sections qui ne scellent plus parfaitement.<\/span><\/li>\n<\/ul>\n<p><span style=\"font-weight: 400;\">Un joint affaibli laisse entrer l\u2019humidit\u00e9, ce qui augmente la charge de travail du syst\u00e8me.<\/span><\/p>\n<h3><b>2) Nettoyer les serpentins du condenseur<\/b><\/h3>\n<p><span style=\"font-weight: 400;\">Apr\u00e8s plusieurs mois de fonctionnement intensif, poussi\u00e8re et r\u00e9sidus peuvent s\u2019accumuler.<\/span><\/p>\n<p><span style=\"font-weight: 400;\">Un nettoyage permet :<\/span><\/p>\n<ul>\n<li style=\"font-weight: 400;\" aria-level=\"1\"><span style=\"font-weight: 400;\">une meilleure dissipation de chaleur,<\/span><\/li>\n<li style=\"font-weight: 400;\" aria-level=\"1\"><span style=\"font-weight: 400;\">une r\u00e9duction de la consommation,<\/span><\/li>\n<li style=\"font-weight: 400;\" aria-level=\"1\"><span style=\"font-weight: 400;\">une prolongation de la dur\u00e9e de vie du compresseur.<\/span><\/li>\n<\/ul>\n<h3><b>3) Tester la stabilit\u00e9 des temp\u00e9ratures<\/b><\/h3>\n<p><span style=\"font-weight: 400;\">Les variations de temp\u00e9rature saisonni\u00e8res peuvent r\u00e9v\u00e9ler des \u00e9carts de calibration.<\/span><\/p>\n<p><span style=\"font-weight: 400;\">En mars :<\/span><\/p>\n<ul>\n<li style=\"font-weight: 400;\" aria-level=\"1\"><span style=\"font-weight: 400;\">comparez la temp\u00e9rature affich\u00e9e et la temp\u00e9rature r\u00e9elle,<\/span><\/li>\n<li style=\"font-weight: 400;\" aria-level=\"1\"><span style=\"font-weight: 400;\">v\u00e9rifiez l\u2019uniformit\u00e9 entre les diff\u00e9rentes zones,<\/span><\/li>\n<li style=\"font-weight: 400;\" aria-level=\"1\"><span style=\"font-weight: 400;\">surveillez les cycles de d\u00e9marrage.<\/span><\/li>\n<\/ul>\n<h3><b>4) Examiner le syst\u00e8me de d\u00e9givrage<\/b><\/h3>\n<p><span style=\"font-weight: 400;\">L\u2019humidit\u00e9 accrue du printemps peut augmenter la formation de givre.<\/span><\/p>\n<p><span style=\"font-weight: 400;\">Assurez-vous que :<\/span><\/p>\n<ul>\n<li style=\"font-weight: 400;\" aria-level=\"1\"><span style=\"font-weight: 400;\">le cycle de d\u00e9givrage fonctionne correctement,<\/span><\/li>\n<li style=\"font-weight: 400;\" aria-level=\"1\"><span style=\"font-weight: 400;\">les drains ne sont pas obstru\u00e9s,<\/span><\/li>\n<li style=\"font-weight: 400;\" aria-level=\"1\"><span style=\"font-weight: 400;\">aucune accumulation anormale ne se forme.<\/span><\/li>\n<\/ul>\n<h3><b>5) V\u00e9rifier la ventilation autour des unit\u00e9s<\/b><\/h3>\n<p><span style=\"font-weight: 400;\">Pendant l\u2019hiver, il arrive que des bo\u00eetes ou du mat\u00e9riel soient d\u00e9plac\u00e9s pr\u00e8s des \u00e9quipements.<\/span><\/p>\n<p><span style=\"font-weight: 400;\">Un espace d\u00e9gag\u00e9 autour des unit\u00e9s :<\/span><\/p>\n<ul>\n<li style=\"font-weight: 400;\" aria-level=\"1\"><span style=\"font-weight: 400;\">am\u00e9liore la circulation d\u2019air,<\/span><\/li>\n<li style=\"font-weight: 400;\" aria-level=\"1\"><span style=\"font-weight: 400;\">r\u00e9duit la surchauffe,<\/span><\/li>\n<li style=\"font-weight: 400;\" aria-level=\"1\"><span style=\"font-weight: 400;\">optimise la performance globale.<\/span><\/li>\n<\/ul>\n<h3><b>6) Planifier un entretien pr\u00e9ventif<\/b><\/h3>\n<p><span style=\"font-weight: 400;\">Mars est souvent plus calme que la haute saison estivale. C\u2019est donc un moment strat\u00e9gique pour :<\/span><\/p>\n<ul>\n<li style=\"font-weight: 400;\" aria-level=\"1\"><span style=\"font-weight: 400;\">faire inspecter les pressions,<\/span><\/li>\n<li style=\"font-weight: 400;\" aria-level=\"1\"><span style=\"font-weight: 400;\">valider le niveau de r\u00e9frig\u00e9rant,<\/span><\/li>\n<li style=\"font-weight: 400;\" aria-level=\"1\"><span style=\"font-weight: 400;\">d\u00e9tecter une usure pr\u00e9matur\u00e9e.<\/span><\/li>\n<\/ul>\n<p><span style=\"font-weight: 400;\">Une v\u00e9rification pr\u00e9ventive co\u00fbte toujours moins qu\u2019un arr\u00eat d\u2019urgence en pleine p\u00e9riode occup\u00e9e.<\/span><\/p>\n<p><b>En conclusion<\/b><span style=\"font-weight: 400;\">, le changement de saison est une occasion id\u00e9ale pour remettre vos \u00e9quipements \u00e0 niveau. Une inspection en mars vous permet d\u2019aborder le printemps avec des syst\u00e8mes stables, efficaces et pr\u00eats pour les p\u00e9riodes plus exigeantes.<\/span><\/p>\n","protected":false},"excerpt":{"rendered":"<p>Mars marque une transition importante pour les commerces alimentaires. M\u00eame si les temp\u00e9ratures ext\u00e9rieures restent fra\u00eeches, l\u2019humidit\u00e9 augmente, les cycles de gel-d\u00e9gel se multiplient et les habitudes op\u00e9rationnelles changent progressivement. Cette p\u00e9riode est id\u00e9ale pour faire une v\u00e9rification strat\u00e9gique de vos \u00e9quipements de r\u00e9frig\u00e9ration avant l\u2019arriv\u00e9e des journ\u00e9es plus chaudes. Voici les \u00e9l\u00e9ments \u00e0 inspecter [&hellip;]<\/p>\n","protected":false},"author":1,"featured_media":25504,"comment_status":"closed","ping_status":"open","sticky":false,"template":"","format":"standard","meta":{"footnotes":""},"categories":[20],"tags":[],"class_list":["post-25503","post","type-post","status-publish","format-standard","has-post-thumbnail","hentry","category-article-de-blogue"],"_links":{"self":[{"href":"https:\/\/www.frigotechoutaouais.com\/fr\/wp-json\/wp\/v2\/posts\/25503","targetHints":{"allow":["GET"]}}],"collection":[{"href":"https:\/\/www.frigotechoutaouais.com\/fr\/wp-json\/wp\/v2\/posts"}],"about":[{"href":"https:\/\/www.frigotechoutaouais.com\/fr\/wp-json\/wp\/v2\/types\/post"}],"author":[{"embeddable":true,"href":"https:\/\/www.frigotechoutaouais.com\/fr\/wp-json\/wp\/v2\/users\/1"}],"replies":[{"embeddable":true,"href":"https:\/\/www.frigotechoutaouais.com\/fr\/wp-json\/wp\/v2\/comments?post=25503"}],"version-history":[{"count":1,"href":"https:\/\/www.frigotechoutaouais.com\/fr\/wp-json\/wp\/v2\/posts\/25503\/revisions"}],"predecessor-version":[{"id":25506,"href":"https:\/\/www.frigotechoutaouais.com\/fr\/wp-json\/wp\/v2\/posts\/25503\/revisions\/25506"}],"wp:featuredmedia":[{"embeddable":true,"href":"https:\/\/www.frigotechoutaouais.com\/fr\/wp-json\/wp\/v2\/media\/25504"}],"wp:attachment":[{"href":"https:\/\/www.frigotechoutaouais.com\/fr\/wp-json\/wp\/v2\/media?parent=25503"}],"wp:term":[{"taxonomy":"category","embeddable":true,"href":"https:\/\/www.frigotechoutaouais.com\/fr\/wp-json\/wp\/v2\/categories?post=25503"},{"taxonomy":"post_tag","embeddable":true,"href":"https:\/\/www.frigotechoutaouais.com\/fr\/wp-json\/wp\/v2\/tags?post=25503"}],"curies":[{"name":"wp","href":"https:\/\/api.w.org\/{rel}","templated":true}]}}